{"id":1728,"date":"2024-09-01T09:20:41","date_gmt":"2024-09-01T09:20:41","guid":{"rendered":"https:\/\/feminizationcenter.com\/?p=1728"},"modified":"2026-04-17T07:15:29","modified_gmt":"2026-04-17T07:15:29","slug":"les-hommes-peuvent-ils-subir-une-reduction-du-front","status":"publish","type":"post","link":"https:\/\/feminizationcenter.com\/fr\/can-men-get-a-forehead-reduction\/","title":{"rendered":"Les hommes peuvent-ils b\u00e9n\u00e9ficier d\u2019une r\u00e9duction du front ?"},"content":{"rendered":"<figure class=\"wp-block-gallery has-nested-images columns-default is-cropped wp-block-gallery-2 is-layout-flex wp-block-gallery-is-layout-flex\">\n<figure class=\"wp-block-image size-large\"><img fetchpriority=\"high\" decoding=\"async\" width=\"1000\" height=\"729\" data-id=\"1729\" src=\"https:\/\/feminizationcenter.com\/wp-content\/uploads\/2024\/09\/Forehead-Reduction-2.jpg\" alt=\"\" class=\"wp-image-1729\" title=\"\" srcset=\"https:\/\/feminizationcenter.com\/wp-content\/uploads\/2024\/09\/Forehead-Reduction-2.jpg 1000w, https:\/\/feminizationcenter.com\/wp-content\/uploads\/2024\/09\/Forehead-Reduction-2-300x219.jpg 300w, https:\/\/feminizationcenter.com\/wp-content\/uploads\/2024\/09\/Forehead-Reduction-2-768x560.jpg 768w, https:\/\/feminizationcenter.com\/wp-content\/uploads\/2024\/09\/Forehead-Reduction-2-16x12.jpg 16w\" sizes=\"(max-width: 1000px) 100vw, 1000px\" \/><\/figure>\n<\/figure>\n\n\n\n<p><a href=\"https:\/\/feminizationcenter.com\/fr\/\">Chirurgie de f\u00e9minisation<\/a> implique g\u00e9n\u00e9ralement la r\u00e9duction des membres sup\u00e9rieurs (appel\u00e9e \u00ab abaissement de la ligne des cheveux \u00bb) pour r\u00e9duire la taille de leur t\u00eate, mais les hommes peuvent \u00e9galement b\u00e9n\u00e9ficier de ce type de chirurgie. Qu&#039;ils soient hommes ou femmes, <a href=\"https:\/\/feminizationcenter.com\/fr\/\">chirurgie de r\u00e9duction du front<\/a> La r\u00e9duction du front est accessible \u00e0 ceux qui estiment que leur front est trop grand ou non proportionnel \u00e0 leurs traits du visage. Les hommes transgenres, en particulier ceux qui s&#039;identifient comme non binaires, peuvent utiliser la r\u00e9duction du front pour renforcer leur confiance en eux et retrouver un visage \u00e9quilibr\u00e9.<\/p>\n\n\n\n<div id=\"ez-toc-container\" class=\"ez-toc-v2_0_82_2 counter-hierarchy ez-toc-counter ez-toc-transparent ez-toc-container-direction\">\n<div class=\"ez-toc-title-container\">\n<p class=\"ez-toc-title\" style=\"cursor:inherit\">Table des mati\u00e8res<\/p>\n<span class=\"ez-toc-title-toggle\"><\/span><\/div>\n<nav><ul class='ez-toc-list ez-toc-list-level-1' ><li class='ez-toc-page-1 ez-toc-heading-level-2'><a class=\"ez-toc-link ez-toc-heading-1\" href=\"https:\/\/feminizationcenter.com\/fr\/can-men-get-a-forehead-reduction\/#How_come_men_are_interested_in_reducing_the_size_of_their_foreheads\" >Comment se fait-il que les hommes souhaitent r\u00e9duire la taille de leur front ?<\/a><ul class='ez-toc-list-level-3' ><li class='ez-toc-heading-level-3'><a class=\"ez-toc-link ez-toc-heading-2\" href=\"https:\/\/feminizationcenter.com\/fr\/can-men-get-a-forehead-reduction\/#Some_common_reasons_include\" >Certaines raisons courantes incluent<\/a><\/li><\/ul><\/li><li class='ez-toc-page-1 ez-toc-heading-level-2'><a class=\"ez-toc-link ez-toc-heading-3\" href=\"https:\/\/feminizationcenter.com\/fr\/can-men-get-a-forehead-reduction\/#Facial_Augmentation_or_Personal_Aesthetics\" >Augmentation faciale ou esth\u00e9tique personnelle ?<\/a><\/li><li class='ez-toc-page-1 ez-toc-heading-level-2'><a class=\"ez-toc-link ez-toc-heading-4\" href=\"https:\/\/feminizationcenter.com\/fr\/can-men-get-a-forehead-reduction\/#Can_Forehead_Reduction_be_Considered_a_Beneficial_Measure_to_Take\" >La r\u00e9duction du front peut-elle \u00eatre consid\u00e9r\u00e9e comme une mesure b\u00e9n\u00e9fique \u00e0 prendre ?<\/a><ul class='ez-toc-list-level-3' ><li class='ez-toc-heading-level-3'><a class=\"ez-toc-link ez-toc-heading-5\" href=\"https:\/\/feminizationcenter.com\/fr\/can-men-get-a-forehead-reduction\/#Hair_Density_and_Hairline\" >Densit\u00e9 et ligne de cheveux<\/a><\/li><li class='ez-toc-page-1 ez-toc-heading-level-3'><a class=\"ez-toc-link ez-toc-heading-6\" href=\"https:\/\/feminizationcenter.com\/fr\/can-men-get-a-forehead-reduction\/#Facial_Proportions\" >Proportions du visage<\/a><\/li><li class='ez-toc-page-1 ez-toc-heading-level-3'><a class=\"ez-toc-link ez-toc-heading-7\" href=\"https:\/\/feminizationcenter.com\/fr\/can-men-get-a-forehead-reduction\/#Personal_Goals_and_Identity\" >Objectifs personnels et identit\u00e9<\/a><\/li><li class='ez-toc-page-1 ez-toc-heading-level-3'><a class=\"ez-toc-link ez-toc-heading-8\" href=\"https:\/\/feminizationcenter.com\/fr\/can-men-get-a-forehead-reduction\/#Realistic_Expectations\" >Des attentes r\u00e9alistes<\/a><\/li><\/ul><\/li><\/ul><\/nav><\/div>\n<h2 class=\"wp-block-heading\"><span class=\"ez-toc-section\" id=\"How_come_men_are_interested_in_reducing_the_size_of_their_foreheads\"><\/span>Comment se fait-il que les hommes souhaitent r\u00e9duire la taille de leur front ?<span class=\"ez-toc-section-end\"><\/span><\/h2>\n\n\n\n<p>Plusieurs causes poussent les hommes \u00e0 rechercher <a href=\"https:\/\/feminizationcenter.com\/fr\/\">chirurgie de r\u00e9duction du front<\/a>. <a href=\"https:\/\/feminizationcenter.com\/fr\/\">F\u00e9minisation<\/a> est souvent associ\u00e9e \u00e0 cette proc\u00e9dure car les individus assign\u00e9s au sexe masculin \u00e0 la naissance ont tendance \u00e0 avoir un front plus large, mais un nombre important d&#039;hommes cisgenres expriment \u00e9galement leur insatisfaction quant \u00e0 la taille de leur front.<\/p>\n\n\n\n<h3 class=\"wp-block-heading\"><span class=\"ez-toc-section\" id=\"Some_common_reasons_include\"><\/span>Certaines raisons courantes incluent<span class=\"ez-toc-section-end\"><\/span><\/h3>\n\n\n\n<p><strong>\u00c9quilibre proportionnel<\/strong><br>Certains hommes ont l&#039;impression que le front est plus large que le reste du visage. Pourquoi cela se produit-il ? Les visages peuvent devenir plus petits ou moins pro\u00e9minents en raison du d\u00e9s\u00e9quilibre des traits du visage, ce qui entra\u00eene un contour irr\u00e9gulier. L&#039;abaissement de la ligne des cheveux donne au front une apparence plus uniforme que le reste du visage.<\/p>\n\n\n\n<p><strong>Ligne de cheveux haute ou ligne de cheveux en recul<\/strong><br>Les hommes qui ont une ligne de cheveux naturellement haute ou qui souffrent de perte de cheveux peuvent b\u00e9n\u00e9ficier d&#039;une chirurgie de r\u00e9duction du front, qui peut aider \u00e0 r\u00e9duire l&#039;apparence de leur ligne de cheveux et leur donner un peu de r\u00e9confort. Cette option est particuli\u00e8rement int\u00e9ressante pour les hommes, qui peuvent penser que leur front refl\u00e8te leur \u00e2ge plut\u00f4t que le recul de la ligne de cheveux.<br><\/p>\n\n\n\n<p><strong>Confiance en soi<\/strong><br>Il est possible que quelqu&#039;un se sente g\u00ean\u00e9 si son front est trop grand. Des facteurs tels que la g\u00e9n\u00e9tique, l&#039;\u00e2ge et la perte de cheveux ont conduit les hommes \u00e0 se sentir g\u00ean\u00e9s par la taille de leur front. R\u00e9duire son front peut att\u00e9nuer ces sentiments en cr\u00e9ant une ligne de cheveux plus proportionnelle et visuellement plus agr\u00e9able, ce qui peut \u00e9galement renforcer l&#039;estime de soi.<\/p>\n\n\n\n<h2 class=\"wp-block-heading\"><span class=\"ez-toc-section\" id=\"Facial_Augmentation_or_Personal_Aesthetics\"><\/span>Augmentation faciale ou esth\u00e9tique personnelle ?<span class=\"ez-toc-section-end\"><\/span><\/h2>\n\n\n\n<p>Parmi les diff\u00e9rentes fa\u00e7ons dont les hommes transgenres peuvent parvenir \u00e0 une masculinisation faciale, la r\u00e9duction du front peut faire partie de leur apparence g\u00e9n\u00e9rale. Bien que la chirurgie soit g\u00e9n\u00e9ralement associ\u00e9e \u00e0 la r\u00e9duction du front, elle peut \u00e9galement \u00eatre adapt\u00e9e aux hommes qui souhaitent modifier la taille de leur front sans f\u00e9miniser le visage.<\/p>\n\n\n\n<p><strong>La proc\u00e9dure : \u00e0 quoi s\u2019attendre ?<\/strong><\/p>\n\n\n\n<p>Le visage peut \u00eatre transform\u00e9 par une simple r\u00e9duction du front. Cette intervention est r\u00e9alis\u00e9e pour abaisser la ligne des cheveux et r\u00e9duire la hauteur du front, mais il peut \u00e9galement s&#039;agir d&#039;une reconstruction chirurgicale ou d&#039;une modification de l&#039;apparence qui permettra d&#039;obtenir une sym\u00e9trie.<\/p>\n\n\n\n<p><strong>Le processus est d\u00e9crit ci-dessous :<\/strong><\/p>\n\n\n\n<ul class=\"wp-block-list\">\n<li><strong>Consultation et planification<\/strong><\/li>\n<\/ul>\n\n\n\n<p>Il est essentiel de contacter un chirurgien plasticien ou esth\u00e9tique pour r\u00e9ussir la r\u00e9duction du front. Le chirurgien examinera l&#039;anatomie de votre visage lors de cette consultation et discutera \u00e9galement de vos objectifs pour l&#039;op\u00e9ration. La taille de votre front, l&#039;\u00e9tat de votre ligne de cheveux et les proportions de votre visage seront pris en compte lors de la cr\u00e9ation d&#039;une intervention chirurgicale personnalis\u00e9e.<\/p>\n\n\n\n<ul class=\"wp-block-list\">\n<li><strong>Technique chirurgicale<\/strong><\/li>\n<\/ul>\n\n\n\n<p>En r\u00e8gle g\u00e9n\u00e9rale, l&#039;intervention chirurgicale d\u00e9bute par une ouverture au niveau de la ligne des cheveux. Lorsqu&#039;ils se recomposent, les cheveux vont soigneusement dissimuler l&#039;incision. Le chirurgien va ensuite couper une partie de la peau et du cuir chevelu du front, ce qui va r\u00e9duire la distance entre la ligne des cheveux et les sourcils. Parfois, le chirurgien peut \u00e9galement modifier l&#039;os sous-jacent pour obtenir une texture plus naturelle et harmonieuse.<\/p>\n\n\n\n<ul class=\"wp-block-list\">\n<li><strong>R\u00e9cup\u00e9ration<\/strong><\/li>\n<\/ul>\n\n\n\n<p>Une p\u00e9riode de r\u00e9cup\u00e9ration apr\u00e8s l&#039;intervention chirurgicale peut entra\u00eener un gonflement et des ecchymoses. Le processus de gu\u00e9rison implique g\u00e9n\u00e9ralement cela, et les premiers signes peuvent \u00eatre observ\u00e9s chez la plupart des patients en quelques semaines.sci. Plusieurs mois de gu\u00e9rison compl\u00e8te et de r\u00e9sultats \u00e9ventuels peuvent \u00eatre n\u00e9cessaires \u00e0 mesure que le gonflement diminue et que la ligne capillaire s&#039;ajuste \u00e0 son nouvel emplacement.<\/p>\n\n\n\n<ul class=\"wp-block-list\">\n<li><strong>R\u00e9sultats<\/strong><\/li>\n<\/ul>\n\n\n\n<p>Une ligne de cheveux plus basse et un front plus uniforme sont les r\u00e9sultats d&#039;une chirurgie de r\u00e9duction du front. Quelle en est la raison ? Les hommes s&#039;efforcent souvent d&#039;obtenir une ligne de cheveux \u00e0 la fois naturelle et harmonieuse avec leurs traits du visage. C&#039;est pourquoi ils ont recours \u00e0 cette technique. Les effets sont durables, mais il faut garder \u00e0 l&#039;esprit que le processus naturel de vieillissement persiste et que certains hommes peuvent encore souffrir d&#039;une perte ou d&#039;un amincissement des cheveux.<\/p>\n\n\n\n<h2 class=\"wp-block-heading\"><span class=\"ez-toc-section\" id=\"Can_Forehead_Reduction_be_Considered_a_Beneficial_Measure_to_Take\"><\/span>La r\u00e9duction du front peut-elle \u00eatre consid\u00e9r\u00e9e comme une mesure b\u00e9n\u00e9fique \u00e0 prendre ?<span class=\"ez-toc-section-end\"><\/span><\/h2>\n\n\n\n<p>La r\u00e9duction du front peut \u00eatre effectu\u00e9e avec souplesse et avec des avantages pour les deux sexes. Mais ce n&#039;est pas une op\u00e9ration universelle et vous devez vous demander si c&#039;est ce que vous souhaitez pour votre teint. Voici quelques consid\u00e9rations pour les hommes qui souhaitent r\u00e9duire leur front :<\/p>\n\n\n\n<h3 class=\"wp-block-heading\"><span class=\"ez-toc-section\" id=\"Hair_Density_and_Hairline\"><\/span>Densit\u00e9 et ligne de cheveux<span class=\"ez-toc-section-end\"><\/span><\/h3>\n\n\n\n<p>Les hommes ayant une ligne frontale saine sont les plus susceptibles de b\u00e9n\u00e9ficier d&#039;une r\u00e9duction du front. En cas de chute de cheveux importante ou de calvitie masculine, une r\u00e9duction du front peut s&#039;av\u00e9rer inefficace sans traitements compl\u00e9mentaires, comme des greffes de cheveux. Votre chirurgien \u00e9valuera l&#039;\u00e9tat de votre ligne frontale pour d\u00e9terminer si vous \u00eates un bon candidat pour cette intervention.<\/p>\n\n\n\n<h3 class=\"wp-block-heading\"><span class=\"ez-toc-section\" id=\"Facial_Proportions\"><\/span>Proportions du visage<span class=\"ez-toc-section-end\"><\/span><\/h3>\n\n\n\n<p>Afin d&#039;obtenir une apparence faciale plus \u00e9quilibr\u00e9e, une r\u00e9duction du front est \u00e9galement recommand\u00e9e. En r\u00e9duisant la ligne frontale, il est possible d&#039;atteindre cet \u00e9quilibre chez les hommes aux traits du visage plus larges ou plus pro\u00e9minents. N\u00e9anmoins, si votre front est d\u00e9j\u00e0 proportionnellement au reste de votre visage, votre chirurgien peut vous sugg\u00e9rer des traitements ou des ajustements alternatifs pour obtenir l&#039;apparence esth\u00e9tique souhait\u00e9e.<\/p>\n\n\n\n<h3 class=\"wp-block-heading\"><span class=\"ez-toc-section\" id=\"Personal_Goals_and_Identity\"><\/span>Objectifs personnels et identit\u00e9<span class=\"ez-toc-section-end\"><\/span><\/h3>\n\n\n\n<p>Bien que la r\u00e9duction du front puisse s&#039;inscrire dans une d\u00e9marche de masculinisation du visage, elle peut aussi viser \u00e0 obtenir une sym\u00e9trie du front sans f\u00e9miniser les autres traits. Il est important de communiquer vos objectifs au chirurgien au pr\u00e9alable afin que le r\u00e9sultat final corresponde \u00e0 votre personnalit\u00e9 et \u00e0 vos attentes.<\/p>\n\n\n\n<h3 class=\"wp-block-heading\"><span class=\"ez-toc-section\" id=\"Realistic_Expectations\"><\/span>Des attentes r\u00e9alistes<span class=\"ez-toc-section-end\"><\/span><\/h3>\n\n\n\n<p>Comme pour toute intervention esth\u00e9tique, il est important d&#039;avoir une vision r\u00e9aliste du r\u00e9sultat d&#039;une r\u00e9duction du front. Votre visage restera inchang\u00e9, quelle que soit l&#039;ampleur de l&#039;op\u00e9ration. Gr\u00e2ce \u00e0 un chirurgien exp\u00e9riment\u00e9, vous pouvez obtenir des am\u00e9liorations subtiles sans para\u00eetre artificiel.<\/p>","protected":false},"excerpt":{"rendered":"<p>Feminization surgery usually involves the reduction of the upper extremities (called &#8220;hairline lowering&#8221;) to reduce the size of their heads, but men may also benefit from this type of surgery. Whether men or women, forehead reduction surgery is available to those who feel that their forehead is too big or not proportional to their facial [&hellip;]<\/p>\n","protected":false},"author":1,"featured_media":1730,"comment_status":"closed","ping_status":"open","sticky":false,"template":"","format":"standard","meta":{"site-sidebar-layout":"default","site-content-layout":"","ast-site-content-layout":"default","site-content-style":"default","site-sidebar-style":"default","ast-global-header-display":"","ast-banner-title-visibility":"","ast-main-header-display":"","ast-hfb-above-header-display":"","ast-hfb-below-header-display":"","ast-hfb-mobile-header-display":"","site-post-title":"","ast-breadcrumbs-content":"","ast-featured-img":"","footer-sml-layout":"","ast-disable-related-posts":"","theme-transparent-header-meta":"","adv-header-id-meta":"","stick-header-meta":"","header-above-stick-meta":"","header-main-stick-meta":"","header-below-stick-meta":"","astra-migrate-meta-layouts":"set","ast-page-background-enabled":"default","ast-page-background-meta":{"desktop":{"background-color":"var(--ast-global-color-4)","background-image":"","background-repeat":"repeat","background-position":"center center","background-size":"auto","background-attachment":"scroll","background-type":"","background-media":"","overlay-type":"","overlay-color":"","overlay-opacity":"","overlay-gradient":""},"tablet":{"background-color":"","background-image":"","background-repeat":"repeat","background-position":"center center","background-size":"auto","background-attachment":"scroll","background-type":"","background-media":"","overlay-type":"","overlay-color":"","overlay-opacity":"","overlay-gradient":""},"mobile":{"background-color":"","background-image":"","background-repeat":"repeat","background-position":"center center","background-size":"auto","background-attachment":"scroll","background-type":"","background-media":"","overlay-type":"","overlay-color":"","overlay-opacity":"","overlay-gradient":""}},"ast-content-background-meta":{"desktop":{"background-color":"var(--ast-global-color-5)","background-image":"","background-repeat":"repeat","background-position":"center center","background-size":"auto","background-attachment":"scroll","background-type":"","background-media":"","overlay-type":"","overlay-color":"","overlay-opacity":"","overlay-gradient":""},"tablet":{"background-color":"var(--ast-global-color-5)","background-image":"","background-repeat":"repeat","background-position":"center center","background-size":"auto","background-attachment":"scroll","background-type":"","background-media":"","overlay-type":"","overlay-color":"","overlay-opacity":"","overlay-gradient":""},"mobile":{"background-color":"var(--ast-global-color-5)","background-image":"","background-repeat":"repeat","background-position":"center center","background-size":"auto","background-attachment":"scroll","background-type":"","background-media":"","overlay-type":"","overlay-color":"","overlay-opacity":"","overlay-gradient":""}},"footnotes":""},"categories":[9],"tags":[],"class_list":["post-1728","post","type-post","status-publish","format-standard","has-post-thumbnail","hentry","category-facial-feminization"],"_links":{"self":[{"href":"https:\/\/feminizationcenter.com\/fr\/wp-json\/wp\/v2\/posts\/1728","targetHints":{"allow":["GET"]}}],"collection":[{"href":"https:\/\/feminizationcenter.com\/fr\/wp-json\/wp\/v2\/posts"}],"about":[{"href":"https:\/\/feminizationcenter.com\/fr\/wp-json\/wp\/v2\/types\/post"}],"author":[{"embeddable":true,"href":"https:\/\/feminizationcenter.com\/fr\/wp-json\/wp\/v2\/users\/1"}],"replies":[{"embeddable":true,"href":"https:\/\/feminizationcenter.com\/fr\/wp-json\/wp\/v2\/comments?post=1728"}],"version-history":[{"count":1,"href":"https:\/\/feminizationcenter.com\/fr\/wp-json\/wp\/v2\/posts\/1728\/revisions"}],"predecessor-version":[{"id":5990,"href":"https:\/\/feminizationcenter.com\/fr\/wp-json\/wp\/v2\/posts\/1728\/revisions\/5990"}],"wp:featuredmedia":[{"embeddable":true,"href":"https:\/\/feminizationcenter.com\/fr\/wp-json\/wp\/v2\/media\/1730"}],"wp:attachment":[{"href":"https:\/\/feminizationcenter.com\/fr\/wp-json\/wp\/v2\/media?parent=1728"}],"wp:term":[{"taxonomy":"category","embeddable":true,"href":"https:\/\/feminizationcenter.com\/fr\/wp-json\/wp\/v2\/categories?post=1728"},{"taxonomy":"post_tag","embeddable":true,"href":"https:\/\/feminizationcenter.com\/fr\/wp-json\/wp\/v2\/tags?post=1728"}],"curies":[{"name":"wp","href":"https:\/\/api.w.org\/{rel}","templated":true}]}}